{"id":119159,"date":"2026-03-26T19:38:17","date_gmt":"2026-03-26T18:38:17","guid":{"rendered":"https:\/\/www.santacole.com\/story\/celebrating-the-technical-while-crafting-a-home-a-chronicle-by-rocio-ley-with-photographs-by-adria-canameras\/"},"modified":"2026-04-15T12:14:29","modified_gmt":"2026-04-15T10:14:29","slug":"celebrar-lo-tecnico-y-construir-un-hogar","status":"publish","type":"story","link":"https:\/\/www.santacole.com\/es\/story\/celebrar-lo-tecnico-y-construir-un-hogar\/","title":{"rendered":"Celebrar lo t\u00e9cnico y construir un hogar"},"content":{"rendered":"\n<div class=\"block-header pt-sc-layout-grid-padding-column-rythm-xl pb-sc-spacing-padding-sm align wp-block-santacole-block-section-header\">\n\n    \n            <div class=\"px-sc-spacing-padding-md\">\n\n                <div class=\"pb-sc-spacing-padding-sm\">  \n                    <button class=\"sc-btn sc-button-sm sc-button-link\" type=\"button\">\n                        <a href=\"https:\/\/www.santacole.com\/en\/stories\/\" target=\"_self\" class=\"w-full h-full flex items-center justify-center\">\n                            <i class=\"!text-base icon-arrow-left\"><\/i>\n                            <span class=\"flex align-items-center\">\n                                Ver todas las historias                            <\/span>\n                        <\/a>\n                    <\/button>\n                <\/div>\n\n                <div class=\"pb-sc-spacing-padding-sm\">\n                    <h2 style=\"font-weight:400;line-height:1.2;\" class=\"wp-block-post-title has-h-2-font-size\">\n                        Archivos                    <\/h2>\n                <\/div>\n\n                                    <p class=\"has-text-align-left is-style-default has-lg-font-size pb-sc-layout-grid-padding-column-rythm-md w-full lg:w-2\/3\">\n                        Una cr\u00f3nica de Roc\u00edo Ley, con fotos de Adri\u00e0 Ca\u00f1ameras.                    <\/p>\n                                    \n            <\/div>\n\n                \n<\/div>\n<div class=\"wp-block-group scroll-fade-in is-layout-constrained wp-container-core-group-is-layout-36a7c654 wp-block-group-is-layout-constrained\" style=\"padding-right:var(--wp--preset--spacing--md);padding-bottom:var(--wp--preset--spacing--rythm-lg);padding-left:var(--wp--preset--spacing--md)\">\n<div class=\"block-image group w-full relative !bg-sc-color-border  overflow-hidden aspect-16\/9 flex justify-center items-center\" style=\"\">\n\n    \n    <!-- Si hay link dentro del bloque imagen -->\n        \n    <!-- Simple -->\n    \n        <img decoding=\"async\" width=\"2400\" height=\"1601\" src=\"https:\/\/www.santacole.com\/wp-content\/uploads\/2026\/03\/La-Nave-Adria-Canameras-2026-13096-TMA-Sylvestrina-Lamparaprima-x2400.jpg\" class=\"  w-full h-full object-cover\" alt=\"La-Nave-Adria-Canameras-2026-13096-TMA-Sylvestrina-Lamparaprima-x2400\" sizes=\"100vw\" srcset=\"https:\/\/www.santacole.com\/wp-content\/uploads\/2026\/03\/La-Nave-Adria-Canameras-2026-13096-TMA-Sylvestrina-Lamparaprima-x2400.jpg 2400w, https:\/\/www.santacole.com\/wp-content\/uploads\/2026\/03\/La-Nave-Adria-Canameras-2026-13096-TMA-Sylvestrina-Lamparaprima-x2400-600x400.jpg 600w, https:\/\/www.santacole.com\/wp-content\/uploads\/2026\/03\/La-Nave-Adria-Canameras-2026-13096-TMA-Sylvestrina-Lamparaprima-x2400-1280x854.jpg 1280w, https:\/\/www.santacole.com\/wp-content\/uploads\/2026\/03\/La-Nave-Adria-Canameras-2026-13096-TMA-Sylvestrina-Lamparaprima-x2400-300x200.jpg 300w, https:\/\/www.santacole.com\/wp-content\/uploads\/2026\/03\/La-Nave-Adria-Canameras-2026-13096-TMA-Sylvestrina-Lamparaprima-x2400-768x512.jpg 768w, https:\/\/www.santacole.com\/wp-content\/uploads\/2026\/03\/La-Nave-Adria-Canameras-2026-13096-TMA-Sylvestrina-Lamparaprima-x2400-1200x801.jpg 1200w\" loading=\"lazy\" \/>        \n        <!-- Caption inside -->\n        \n    \n    <!-- Hover overlay -->\n    \n    <!-- Slider gallery -->\n    \n    <!-- Si hay link cierre -->\n    \n<\/div>\n\n<!-- Simple (Caption outside) -->\n    \n    <!-- Caption outside -->\n    \n\n\n<\/div>\n\n<div class=\"wp-block-group scroll-fade-in is-layout-constrained wp-container-core-group-is-layout-e20956ca wp-block-group-is-layout-constrained\" style=\"padding-right:var(--wp--preset--spacing--md);padding-bottom:var(--wp--preset--spacing--rythm-lg);padding-left:var(--wp--preset--spacing--md)\">\n<div class=\"wp-block-columns is-layout-flex wp-container-core-columns-is-layout-28f84493 wp-block-columns-is-layout-flex\">\n<div class=\"wp-block-column is-layout-flow wp-block-column-is-layout-flow\" style=\"flex-basis:33.33%\"><\/div>\n\n\n\n<div class=\"wp-block-column is-layout-flow wp-block-column-is-layout-flow\" style=\"flex-basis:75%\">\n<p class=\"has-text-align-center has-md-font-size\" style=\"font-weight:400\">Subo hasta la cuarta planta a pie para no perderme nada (de lo que pueda suceder en la escalera). Durante el ascenso me parece o\u00edr una misa cantada. En este edificio cohabitan talleres, almacenes y varias iglesias de diferentes confesiones, pero de eso me enterar\u00e9 m\u00e1s tarde. Estamos en Sant Adri\u00e0 de Bes\u00f2s, una ciudad (a\u00fan no gentrificada) en la periferia de Barcelona con un marcado pasado industrial. Aqu\u00ed es donde el joven estudio de arquitectura Atienza Maure junto a Giagchico (Giulia Amos y Agust\u00edn Iglesias) y Abel Iglesias han creado La Nave, un antigua imprenta de 450 m2 que ha recibido el premio FAD de interiorismo 2025. Anoche, Santa &amp; Cole junto a los arquitectos, el propietario y dise\u00f1adores y amigos de la casa, celebraron un encuentro muy especial en torno a la luz. Este lugar aparentemente duro y fr\u00edo se calde\u00f3 con las suaves luces de la marca. Nos sostuvieron y acomodaron.       <\/p>\n\n\n\n<p class=\"has-text-align-center has-md-font-size\">Nada m\u00e1s entrar, un largo pasillo, una <strong>Colilla de 20 metros<\/strong> sobre mi cabeza y, en la sala principal, una enorme maceta central llena de plantas. A las plantas se las ve contentas, a los invitados tambi\u00e9n. Todo queda a la vista, nada se disimula. Vemos los conductos, los cables de las l\u00e1mparas, la cocina abierta, la preparaci\u00f3n de los platos, el interesante paisaje urbano tras las enormes cristaleras, los saludos y las sonrisas.   <\/p>\n<\/div>\n\n\n\n<div class=\"wp-block-column is-layout-flow wp-block-column-is-layout-flow\" style=\"flex-basis:30.3%\"><\/div>\n<\/div>\n<\/div>\n\n<div class=\"wp-block-group scroll-fade-in is-layout-constrained wp-container-core-group-is-layout-2463bd3e wp-block-group-is-layout-constrained\" style=\"padding-right:var(--wp--preset--spacing--xl);padding-bottom:var(--wp--preset--spacing--rythm-xl);padding-left:var(--wp--preset--spacing--xl)\">\n<div class=\"wp-block-columns is-layout-flex wp-container-core-columns-is-layout-28f84493 wp-block-columns-is-layout-flex\">\n<div class=\"wp-block-column is-layout-flow wp-block-column-is-layout-flow\" style=\"flex-basis:55%\">\n<div class=\"wp-block-columns are-vertically-aligned-center h-full is-layout-flex wp-container-core-columns-is-layout-28f84493 wp-block-columns-is-layout-flex\">\n<div class=\"wp-block-column is-vertically-aligned-center scroll-fade-in is-layout-flow wp-block-column-is-layout-flow\">\n<div class=\"block-image group w-full relative !bg-sc-color-border  overflow-hidden aspect-3\/4 flex justify-center items-center\" style=\"\">\n\n    \n    <!-- Si hay link dentro del bloque imagen -->\n    \n        <a class=\"w-full h-full\" href=\"https:\/\/www.santacole.com\/es\/iluminacion\/lamparas-de-suspension\/la-colilla-colpa01\/\" target=\"\">\n\n        \n    <!-- Simple -->\n    \n        <img decoding=\"async\" width=\"1280\" height=\"1919\" src=\"https:\/\/www.santacole.com\/wp-content\/uploads\/2026\/03\/La-Nave-Adria-Canameras-2026-13607-R-x2400-1280x1919.jpg\" class=\"  w-full h-full object-cover\" alt=\"La-Nave-Adria-Canameras-2026-13607-R-x2400\" sizes=\"100vw\" srcset=\"https:\/\/www.santacole.com\/wp-content\/uploads\/2026\/03\/La-Nave-Adria-Canameras-2026-13607-R-x2400-1280x1919.jpg 1280w, https:\/\/www.santacole.com\/wp-content\/uploads\/2026\/03\/La-Nave-Adria-Canameras-2026-13607-R-x2400-600x899.jpg 600w, https:\/\/www.santacole.com\/wp-content\/uploads\/2026\/03\/La-Nave-Adria-Canameras-2026-13607-R-x2400-300x450.jpg 300w, https:\/\/www.santacole.com\/wp-content\/uploads\/2026\/03\/La-Nave-Adria-Canameras-2026-13607-R-x2400-768x1151.jpg 768w, https:\/\/www.santacole.com\/wp-content\/uploads\/2026\/03\/La-Nave-Adria-Canameras-2026-13607-R-x2400-1200x1799.jpg 1200w, https:\/\/www.santacole.com\/wp-content\/uploads\/2026\/03\/La-Nave-Adria-Canameras-2026-13607-R-x2400.jpg 1601w\" loading=\"lazy\" \/>        \n        <!-- Caption inside -->\n        \n    \n    <!-- Hover overlay -->\n    \n    <!-- Slider gallery -->\n    \n    <!-- Si hay link cierre -->\n            <\/a>\n    \n<\/div>\n\n<!-- Simple (Caption outside) -->\n    \n    <!-- Caption outside -->\n            <div class=\"bg-sc-color-primary-foreground px-2.5 py-1.5 w-fit !mt-0\">\n            <p class=\"text-sc-color-foreground text-xs\" >La Colilla<\/p>\n        <\/div>\n    \n\n\n<\/div>\n\n\n\n<div class=\"wp-block-column is-vertically-aligned-center is-layout-flow wp-block-column-is-layout-flow\" style=\"flex-basis:30%\"><\/div>\n<\/div>\n<\/div>\n\n\n\n<div class=\"wp-block-column is-vertically-aligned-center is-layout-flow wp-block-column-is-layout-flow\" style=\"flex-basis:45%\">\n<div class=\"block-image group w-full relative !bg-sc-color-border  overflow-hidden aspect-3\/4 flex justify-center items-center\" style=\"\">\n\n    \n    <!-- Si hay link dentro del bloque imagen -->\n    \n        <a class=\"w-full h-full\" href=\"https:\/\/www.santacole.com\/es\/iluminacion\/lamparas-de-suspension\/cirio-simple-501\/\" target=\"\">\n\n        \n    <!-- Simple -->\n    \n        <img decoding=\"async\" width=\"1280\" height=\"1919\" src=\"https:\/\/www.santacole.com\/wp-content\/uploads\/2026\/03\/La-Nave-Adria-Canameras-2026-13548-CIrio-R-x2400-1280x1919.jpg\" class=\"  w-full h-full object-cover\" alt=\"La-Nave-Adria-Canameras-2026-13548-CIrio-R-x2400\" sizes=\"100vw\" srcset=\"https:\/\/www.santacole.com\/wp-content\/uploads\/2026\/03\/La-Nave-Adria-Canameras-2026-13548-CIrio-R-x2400-1280x1919.jpg 1280w, https:\/\/www.santacole.com\/wp-content\/uploads\/2026\/03\/La-Nave-Adria-Canameras-2026-13548-CIrio-R-x2400-600x899.jpg 600w, https:\/\/www.santacole.com\/wp-content\/uploads\/2026\/03\/La-Nave-Adria-Canameras-2026-13548-CIrio-R-x2400-300x450.jpg 300w, https:\/\/www.santacole.com\/wp-content\/uploads\/2026\/03\/La-Nave-Adria-Canameras-2026-13548-CIrio-R-x2400-768x1151.jpg 768w, https:\/\/www.santacole.com\/wp-content\/uploads\/2026\/03\/La-Nave-Adria-Canameras-2026-13548-CIrio-R-x2400-1200x1799.jpg 1200w, https:\/\/www.santacole.com\/wp-content\/uploads\/2026\/03\/La-Nave-Adria-Canameras-2026-13548-CIrio-R-x2400.jpg 1601w\" loading=\"lazy\" \/>        \n        <!-- Caption inside -->\n        \n    \n    <!-- Hover overlay -->\n    \n    <!-- Slider gallery -->\n    \n    <!-- Si hay link cierre -->\n            <\/a>\n    \n<\/div>\n\n<!-- Simple (Caption outside) -->\n    \n    <!-- Caption outside -->\n            <div class=\"bg-sc-color-primary-foreground px-2.5 py-1.5 w-fit !mt-0\">\n            <p class=\"text-sc-color-foreground text-xs\" >Cirio Simple<\/p>\n        <\/div>\n    \n\n\n<\/div>\n<\/div>\n<\/div>\n\n<div class=\"wp-block-group scroll-fade-in is-layout-constrained wp-container-core-group-is-layout-6e25b6d0 wp-block-group-is-layout-constrained\" style=\"padding-right:var(--wp--preset--spacing--md);padding-bottom:var(--wp--preset--spacing--rythm-xl);padding-left:var(--wp--preset--spacing--md)\">\n<div class=\"wp-block-columns is-layout-flex wp-container-core-columns-is-layout-28f84493 wp-block-columns-is-layout-flex\">\n<div class=\"wp-block-column is-layout-flow wp-block-column-is-layout-flow\" style=\"flex-basis:33.33%\"><\/div>\n\n\n\n<div class=\"wp-block-column is-layout-flow wp-block-column-is-layout-flow\" style=\"flex-basis:75%\">\n<p class=\"has-text-align-center has-md-font-size\"><strong><em>La Nave<\/em> es el encuentro entre lo t\u00e9cnico y lo dom\u00e9stico. Sobre una planta abierta, el dise\u00f1o se basa en el uso de sistemas prefabricados y de bajo coste y en la adaptabilidad total.<\/strong> \u201cLa funcionalidad a disposici\u00f3n de la belleza, y no al rev\u00e9s\u201d, dice Agust\u00edn Iglesias, propietario de La Nave. No lo tengo tan claro. La materialidad y la expresividad aqu\u00ed son tan fuertes, casi tanto como las soluciones econ\u00f3micas y el f\u00e1cil montaje. Entre una obra de bricolaje y una nave espacial, la arquitectura es modular, fluida y flexible, y va creciendo y modific\u00e1ndose con el uso. Es casi un organismo vivo a base de plataformas, pasarelas y escaleras, acero, madera contrachapada y hormig\u00f3n, perfiles, tuercas y tornillos, tableros, dispositivos, cabinas, cajas. No hay pilares, es una gran estructura ligera. Todos los espacios tienen doble circulaci\u00f3n.      <\/p>\n\n\n\n<p class=\"has-text-align-center has-md-font-size\"><\/p>\n\n\n\n<p class=\"has-text-align-center has-md-font-size\">Reapropi\u00e1ndose de elementos baratos y casi podr\u00edamos decir no dise\u00f1ados, con piezas sencillas para que pudieran ser ensambladas por cualquier persona, han (auto)construido este lugar h\u00edbrido, extra\u00f1o pero atractivo del que no te quieres ir. Con lo m\u00ednimo, lo m\u00e1ximo. \u201cNo hab\u00eda distancia entre la ejecuci\u00f3n y el pensamiento\u201d, contin\u00faa Agust\u00edn. \u201cBueno \u2013matiza uno de los arquitectos\u2013, hubo mucha planificaci\u00f3n previa que dio lugar a mucha libertad posterior. El proyecto fue avanzando en obra y los detalles se fueron definiendo de manera natural\u201d, aclara. Esa intuici\u00f3n, esa espontaneidad, explican tambi\u00e9n el edificio, como si hubiera otra manera de contar y de pensar la arquitectura, es decir, este otro lenguaje dom\u00e9stico tan poco com\u00fan que celebra lo t\u00e9cnico y exhibe las uniones. En este entorno, la <strong>B\u00e1sica, la Tatu Alta, las Shiro, la Alterna o la Cirio m\u00faltiple <\/strong>parec\u00edan sentirse bien, como en casa.    <\/p>\n<\/div>\n\n\n\n<div class=\"wp-block-column is-layout-flow wp-block-column-is-layout-flow\" style=\"flex-basis:30.3%\"><\/div>\n<\/div>\n<\/div>\n\n<div class=\"wp-block-group scroll-fade-in is-layout-constrained wp-container-core-group-is-layout-3ece0061 wp-block-group-is-layout-constrained\" style=\"padding-right:var(--wp--preset--spacing--lg);padding-bottom:var(--wp--preset--spacing--rythm-xl);padding-left:var(--wp--preset--spacing--lg)\">\n<div class=\"wp-block-columns is-layout-flex wp-container-core-columns-is-layout-57a3bd1d wp-block-columns-is-layout-flex\">\n<div class=\"wp-block-column is-layout-flow wp-block-column-is-layout-flow\" style=\"flex-basis:50%\">\n<div class=\"block-image group w-full relative !bg-sc-color-border  overflow-hidden aspect-3\/4 flex justify-center items-center\" style=\"\">\n\n    \n    <!-- Si hay link dentro del bloque imagen -->\n    \n        <a class=\"w-full h-full\" href=\"https:\/\/www.santacole.com\/es\/iluminacion\/lamparas-de-suspension\/moare-1312\/\" target=\"\">\n\n        \n    <!-- Simple -->\n    \n        <img decoding=\"async\" width=\"1280\" height=\"1919\" src=\"https:\/\/www.santacole.com\/wp-content\/uploads\/2026\/03\/La-Nave-Adria-Canameras-2026-13219-Moare-Cirio-Simple-R-x2400-1280x1919.jpg\" class=\"  w-full h-full object-cover\" alt=\"La-Nave-Adria-Canameras-2026-13219-Moare-Cirio-Simple-R-x2400\" sizes=\"100vw\" srcset=\"https:\/\/www.santacole.com\/wp-content\/uploads\/2026\/03\/La-Nave-Adria-Canameras-2026-13219-Moare-Cirio-Simple-R-x2400-1280x1919.jpg 1280w, https:\/\/www.santacole.com\/wp-content\/uploads\/2026\/03\/La-Nave-Adria-Canameras-2026-13219-Moare-Cirio-Simple-R-x2400-600x899.jpg 600w, https:\/\/www.santacole.com\/wp-content\/uploads\/2026\/03\/La-Nave-Adria-Canameras-2026-13219-Moare-Cirio-Simple-R-x2400-300x450.jpg 300w, https:\/\/www.santacole.com\/wp-content\/uploads\/2026\/03\/La-Nave-Adria-Canameras-2026-13219-Moare-Cirio-Simple-R-x2400-768x1151.jpg 768w, https:\/\/www.santacole.com\/wp-content\/uploads\/2026\/03\/La-Nave-Adria-Canameras-2026-13219-Moare-Cirio-Simple-R-x2400-1200x1799.jpg 1200w, https:\/\/www.santacole.com\/wp-content\/uploads\/2026\/03\/La-Nave-Adria-Canameras-2026-13219-Moare-Cirio-Simple-R-x2400.jpg 1601w\" loading=\"lazy\" \/>        \n        <!-- Caption inside -->\n        \n    \n    <!-- Hover overlay -->\n    \n    <!-- Slider gallery -->\n    \n    <!-- Si hay link cierre -->\n            <\/a>\n    \n<\/div>\n\n<!-- Simple (Caption outside) -->\n    \n    <!-- Caption outside -->\n            <div class=\"bg-sc-color-primary-foreground px-2.5 py-1.5 w-fit !mt-0\">\n            <p class=\"text-sc-color-foreground text-xs\" >Moar\u00e9<\/p>\n        <\/div>\n    \n\n\n<\/div>\n\n\n\n<div class=\"wp-block-column is-layout-flow wp-block-column-is-layout-flow\" style=\"flex-basis:50%\">\n<div class=\"block-image group w-full relative !bg-sc-color-border  overflow-hidden aspect-3\/4 flex justify-center items-center\" style=\"\">\n\n    \n    <!-- Si hay link dentro del bloque imagen -->\n    \n        <a class=\"w-full h-full\" href=\"https:\/\/www.santacole.com\/es\/iluminacion\/lamparas-de-pie\/tatu-alta-598\/\" target=\"\">\n\n        \n    <!-- Simple -->\n    \n        <img decoding=\"async\" width=\"1280\" height=\"1919\" src=\"https:\/\/www.santacole.com\/wp-content\/uploads\/2026\/03\/La-Nave-Adria-Canameras-2026-13106-Tatu-Alta-R-x2400-1280x1919.jpg\" class=\"  w-full h-full object-cover\" alt=\"La-Nave-Adria-Canameras-2026-13106-Tatu-Alta-R-x2400\" sizes=\"100vw\" srcset=\"https:\/\/www.santacole.com\/wp-content\/uploads\/2026\/03\/La-Nave-Adria-Canameras-2026-13106-Tatu-Alta-R-x2400-1280x1919.jpg 1280w, https:\/\/www.santacole.com\/wp-content\/uploads\/2026\/03\/La-Nave-Adria-Canameras-2026-13106-Tatu-Alta-R-x2400-600x899.jpg 600w, https:\/\/www.santacole.com\/wp-content\/uploads\/2026\/03\/La-Nave-Adria-Canameras-2026-13106-Tatu-Alta-R-x2400-300x450.jpg 300w, https:\/\/www.santacole.com\/wp-content\/uploads\/2026\/03\/La-Nave-Adria-Canameras-2026-13106-Tatu-Alta-R-x2400-768x1151.jpg 768w, https:\/\/www.santacole.com\/wp-content\/uploads\/2026\/03\/La-Nave-Adria-Canameras-2026-13106-Tatu-Alta-R-x2400-1200x1799.jpg 1200w, https:\/\/www.santacole.com\/wp-content\/uploads\/2026\/03\/La-Nave-Adria-Canameras-2026-13106-Tatu-Alta-R-x2400.jpg 1601w\" loading=\"lazy\" \/>        \n        <!-- Caption inside -->\n        \n    \n    <!-- Hover overlay -->\n    \n    <!-- Slider gallery -->\n    \n    <!-- Si hay link cierre -->\n            <\/a>\n    \n<\/div>\n\n<!-- Simple (Caption outside) -->\n    \n    <!-- Caption outside -->\n            <div class=\"bg-sc-color-primary-foreground px-2.5 py-1.5 w-fit !mt-0\">\n            <p class=\"text-sc-color-foreground text-xs\" >Tatu Alta<\/p>\n        <\/div>\n    \n\n\n<\/div>\n\n\n\n<div class=\"wp-block-column is-layout-flow wp-block-column-is-layout-flow\" style=\"flex-basis:50%\">\n<div class=\"block-image group w-full relative !bg-sc-color-border  overflow-hidden aspect-3\/4 flex justify-center items-center\" style=\"\">\n\n    \n    <!-- Si hay link dentro del bloque imagen -->\n        \n    <!-- Simple -->\n    \n        <img decoding=\"async\" width=\"1280\" height=\"1919\" src=\"https:\/\/www.santacole.com\/wp-content\/uploads\/2026\/03\/La-Nave-Adria-Canameras-2026_13540_TMA_Alterna_R-1280x1919.jpg\" class=\"  w-full h-full object-cover\" alt=\"La-Nave-Adria-Can\u0303ameras-2026_13540_TMA_Alterna_R\" sizes=\"100vw\" srcset=\"https:\/\/www.santacole.com\/wp-content\/uploads\/2026\/03\/La-Nave-Adria-Canameras-2026_13540_TMA_Alterna_R-1280x1919.jpg 1280w, https:\/\/www.santacole.com\/wp-content\/uploads\/2026\/03\/La-Nave-Adria-Canameras-2026_13540_TMA_Alterna_R-600x900.jpg 600w, https:\/\/www.santacole.com\/wp-content\/uploads\/2026\/03\/La-Nave-Adria-Canameras-2026_13540_TMA_Alterna_R-300x450.jpg 300w, https:\/\/www.santacole.com\/wp-content\/uploads\/2026\/03\/La-Nave-Adria-Canameras-2026_13540_TMA_Alterna_R-768x1151.jpg 768w, https:\/\/www.santacole.com\/wp-content\/uploads\/2026\/03\/La-Nave-Adria-Canameras-2026_13540_TMA_Alterna_R-1200x1799.jpg 1200w, https:\/\/www.santacole.com\/wp-content\/uploads\/2026\/03\/La-Nave-Adria-Canameras-2026_13540_TMA_Alterna_R-scaled.jpg 1708w\" loading=\"lazy\" \/>        \n        <!-- Caption inside -->\n        \n    \n    <!-- Hover overlay -->\n    \n    <!-- Slider gallery -->\n    \n    <!-- Si hay link cierre -->\n    \n<\/div>\n\n<!-- Simple (Caption outside) -->\n    \n    <!-- Caption outside -->\n            <div class=\"bg-sc-color-primary-foreground px-2.5 py-1.5 w-fit !mt-0\">\n            <p class=\"text-sc-color-foreground text-xs\" >TMA<\/p>\n        <\/div>\n    \n\n\n<\/div>\n\n\n\n<div class=\"wp-block-column is-layout-flow wp-block-column-is-layout-flow\" style=\"flex-basis:50%\">\n<div class=\"block-image group w-full relative !bg-sc-color-border  overflow-hidden aspect-3\/4 flex justify-center items-center\" style=\"\">\n\n    \n    <!-- Si hay link dentro del bloque imagen -->\n    \n        <a class=\"w-full h-full\" href=\"https:\/\/www.santacole.com\/es\/iluminacion\/lamparas-de-sobremesa\/basica-123\/\" target=\"\">\n\n        \n    <!-- Simple -->\n    \n        <img decoding=\"async\" width=\"1280\" height=\"1919\" src=\"https:\/\/www.santacole.com\/wp-content\/uploads\/2026\/03\/La-Nave-Adria-Canameras-2026-13290-Basica-XL-R-x2400-1280x1919.jpg\" class=\"  w-full h-full object-cover\" alt=\"La-Nave-Adria-Canameras-2026-13290-Basica-XL-R-x2400\" sizes=\"100vw\" srcset=\"https:\/\/www.santacole.com\/wp-content\/uploads\/2026\/03\/La-Nave-Adria-Canameras-2026-13290-Basica-XL-R-x2400-1280x1919.jpg 1280w, https:\/\/www.santacole.com\/wp-content\/uploads\/2026\/03\/La-Nave-Adria-Canameras-2026-13290-Basica-XL-R-x2400-600x899.jpg 600w, https:\/\/www.santacole.com\/wp-content\/uploads\/2026\/03\/La-Nave-Adria-Canameras-2026-13290-Basica-XL-R-x2400-300x450.jpg 300w, https:\/\/www.santacole.com\/wp-content\/uploads\/2026\/03\/La-Nave-Adria-Canameras-2026-13290-Basica-XL-R-x2400-768x1151.jpg 768w, https:\/\/www.santacole.com\/wp-content\/uploads\/2026\/03\/La-Nave-Adria-Canameras-2026-13290-Basica-XL-R-x2400-1200x1799.jpg 1200w, https:\/\/www.santacole.com\/wp-content\/uploads\/2026\/03\/La-Nave-Adria-Canameras-2026-13290-Basica-XL-R-x2400.jpg 1601w\" loading=\"lazy\" \/>        \n        <!-- Caption inside -->\n        \n    \n    <!-- Hover overlay -->\n    \n    <!-- Slider gallery -->\n    \n    <!-- Si hay link cierre -->\n            <\/a>\n    \n<\/div>\n\n<!-- Simple (Caption outside) -->\n    \n    <!-- Caption outside -->\n            <div class=\"bg-sc-color-primary-foreground px-2.5 py-1.5 w-fit !mt-0\">\n            <p class=\"text-sc-color-foreground text-xs\" >B\u00e1sica<\/p>\n        <\/div>\n    \n\n\n<\/div>\n<\/div>\n<\/div>\n\n<div class=\"wp-block-columns is-layout-flex wp-container-core-columns-is-layout-564fe2cd wp-block-columns-is-layout-flex\" style=\"padding-right:var(--wp--preset--spacing--md);padding-bottom:var(--wp--preset--spacing--rythm-xl);padding-left:var(--wp--preset--spacing--md)\">\n<div class=\"wp-block-column is-layout-flow wp-block-column-is-layout-flow\" style=\"flex-basis:20%\"><\/div>\n\n\n\n<div class=\"wp-block-column is-layout-flow wp-block-column-is-layout-flow\" style=\"flex-basis:60%\">\n<div class=\"wp-block-group is-layout-constrained wp-container-core-group-is-layout-3156e74c wp-block-group-is-layout-constrained\">\n<p class=\"has-text-align-center has-suisse-works-font-family has-lg-font-size\">\u201cLa funcionalidad a disposici\u00f3n de la belleza, y no al rev\u00e9s\u201d<\/p>\n\n\n\n<p class=\"has-text-align-center has-suisse-intl-font-family has-sm-font-size\">Agust\u00edn Iglesias, propietario de La Nave<\/p>\n<\/div>\n<\/div>\n\n\n\n<div class=\"wp-block-column is-layout-flow wp-block-column-is-layout-flow\" style=\"flex-basis:20%\"><\/div>\n<\/div>\n\n<div class=\"wp-block-group scroll-fade-in is-layout-constrained wp-container-core-group-is-layout-3ece0061 wp-block-group-is-layout-constrained\" style=\"padding-right:var(--wp--preset--spacing--lg);padding-bottom:var(--wp--preset--spacing--rythm-xl);padding-left:var(--wp--preset--spacing--lg)\">\n<div class=\"wp-block-columns are-vertically-aligned-center is-layout-flex wp-container-core-columns-is-layout-28f84493 wp-block-columns-is-layout-flex\">\n<div class=\"wp-block-column is-vertically-aligned-center is-layout-flow wp-block-column-is-layout-flow\" style=\"flex-basis:50%\">\n<div class=\"block-image group w-full relative !bg-sc-color-border  overflow-hidden aspect-3\/2 flex justify-center items-center\" style=\"\">\n\n    \n    <!-- Si hay link dentro del bloque imagen -->\n        \n    <!-- Simple -->\n    \n        <img decoding=\"async\" width=\"1280\" height=\"854\" src=\"https:\/\/www.santacole.com\/wp-content\/uploads\/2026\/03\/La-Nave-Adria-Can-ameras-2026-15-x2400-1280x854.jpg\" class=\"  w-full h-full object-cover\" alt=\"La-Nave-Adria-Can-ameras-2026-15-x2400\" sizes=\"100vw\" srcset=\"https:\/\/www.santacole.com\/wp-content\/uploads\/2026\/03\/La-Nave-Adria-Can-ameras-2026-15-x2400-1280x854.jpg 1280w, https:\/\/www.santacole.com\/wp-content\/uploads\/2026\/03\/La-Nave-Adria-Can-ameras-2026-15-x2400-600x400.jpg 600w, https:\/\/www.santacole.com\/wp-content\/uploads\/2026\/03\/La-Nave-Adria-Can-ameras-2026-15-x2400-300x200.jpg 300w, https:\/\/www.santacole.com\/wp-content\/uploads\/2026\/03\/La-Nave-Adria-Can-ameras-2026-15-x2400-768x512.jpg 768w, https:\/\/www.santacole.com\/wp-content\/uploads\/2026\/03\/La-Nave-Adria-Can-ameras-2026-15-x2400-1200x801.jpg 1200w\" loading=\"lazy\" \/>        \n        <!-- Caption inside -->\n        \n    \n    <!-- Hover overlay -->\n    \n    <!-- Slider gallery -->\n    \n    <!-- Si hay link cierre -->\n    \n<\/div>\n\n<!-- Simple (Caption outside) -->\n    \n    <!-- Caption outside -->\n    \n\n\n<\/div>\n\n\n\n<div class=\"wp-block-column is-vertically-aligned-center is-layout-flow wp-block-column-is-layout-flow\" style=\"flex-basis:50%\">\n<div class=\"wp-block-columns are-vertically-aligned-center h-full is-layout-flex wp-container-core-columns-is-layout-28f84493 wp-block-columns-is-layout-flex\">\n<div class=\"wp-block-column is-vertically-aligned-center is-layout-flow wp-block-column-is-layout-flow\" style=\"flex-basis:20%\"><\/div>\n\n\n\n<div class=\"wp-block-column is-vertically-aligned-center scroll-fade-in is-layout-flow wp-block-column-is-layout-flow\">\n<div class=\"block-image group w-full relative !bg-sc-color-border  overflow-hidden aspect-4\/5 flex justify-center items-center\" style=\"\">\n\n    \n    <!-- Si hay link dentro del bloque imagen -->\n    \n        <a class=\"w-full h-full\" href=\"https:\/\/www.santacole.com\/es\/iluminacion\/bateria\/sylvestrina-571\/\" target=\"\">\n\n        \n    <!-- Simple -->\n    \n        <img decoding=\"async\" width=\"1280\" height=\"2026\" src=\"https:\/\/www.santacole.com\/wp-content\/uploads\/2026\/03\/La-Nave-Adria-Canameras-2026-13378-Sylvestrina-R-x2400-1280x2026.jpg\" class=\"  w-full h-full object-cover\" alt=\"La-Nave-Adria-Canameras-2026-13378-Sylvestrina-R-x2400\" sizes=\"100vw\" srcset=\"https:\/\/www.santacole.com\/wp-content\/uploads\/2026\/03\/La-Nave-Adria-Canameras-2026-13378-Sylvestrina-R-x2400-1280x2026.jpg 1280w, https:\/\/www.santacole.com\/wp-content\/uploads\/2026\/03\/La-Nave-Adria-Canameras-2026-13378-Sylvestrina-R-x2400-600x950.jpg 600w, https:\/\/www.santacole.com\/wp-content\/uploads\/2026\/03\/La-Nave-Adria-Canameras-2026-13378-Sylvestrina-R-x2400-300x475.jpg 300w, https:\/\/www.santacole.com\/wp-content\/uploads\/2026\/03\/La-Nave-Adria-Canameras-2026-13378-Sylvestrina-R-x2400-768x1216.jpg 768w, https:\/\/www.santacole.com\/wp-content\/uploads\/2026\/03\/La-Nave-Adria-Canameras-2026-13378-Sylvestrina-R-x2400-1200x1900.jpg 1200w, https:\/\/www.santacole.com\/wp-content\/uploads\/2026\/03\/La-Nave-Adria-Canameras-2026-13378-Sylvestrina-R-x2400.jpg 1516w\" loading=\"lazy\" \/>        \n        <!-- Caption inside -->\n        \n    \n    <!-- Hover overlay -->\n    \n    <!-- Slider gallery -->\n    \n    <!-- Si hay link cierre -->\n            <\/a>\n    \n<\/div>\n\n<!-- Simple (Caption outside) -->\n    \n    <!-- Caption outside -->\n            <div class=\"bg-sc-color-primary-foreground px-2.5 py-1.5 w-fit !mt-0\">\n            <p class=\"text-sc-color-foreground text-xs\" >Sylvestrina<\/p>\n        <\/div>\n    \n\n\n<\/div>\n<\/div>\n<\/div>\n<\/div>\n<\/div>\n\n<div class=\"wp-block-group scroll-fade-in is-layout-constrained wp-container-core-group-is-layout-6e25b6d0 wp-block-group-is-layout-constrained\" style=\"padding-right:var(--wp--preset--spacing--md);padding-bottom:var(--wp--preset--spacing--rythm-xl);padding-left:var(--wp--preset--spacing--md)\">\n<div class=\"wp-block-columns is-layout-flex wp-container-core-columns-is-layout-28f84493 wp-block-columns-is-layout-flex\">\n<div class=\"wp-block-column is-layout-flow wp-block-column-is-layout-flow\" style=\"flex-basis:33.33%\"><\/div>\n\n\n\n<div class=\"wp-block-column is-layout-flow wp-block-column-is-layout-flow\" style=\"flex-basis:75%\">\n<p class=\"has-text-align-center has-md-font-size\">Durante la cena se comenta lo ingenioso del proyecto. \u201cVamos a atemperar poco a poco\u201d, asegura la chef Laura Veraguas cuando nos explica el men\u00fa. Pienso en las <strong>Sylvestrinas<\/strong> de la mesa, que hacen lo mismo con el ambiente. Los platos, siguiendo el esp\u00edritu de la noche, son esenciales: extracciones de puerro y de manzanilla, pocos ingredientes, esferas y patatas, especias. Anoche no se escondi\u00f3 nada, se elogi\u00f3 el disfrute. Lo que m\u00e1s me gust\u00f3 fue la honestidad y cercan\u00eda general, una naturalidad a menudo tan impostada pero pocas veces real. De la manera de hablar del due\u00f1o y de los arquitectos, de la compa\u00f1era que ten\u00eda a mi lado, de la comida sin mucha floritura (\u201cTen\u00e9is que mojar el pan en el aceite\u201d), de la arquitectura y los materiales que nos envolv\u00edan, de la luz c\u00e1lida y placentera que nos acompa\u00f1\u00f3 y nos retuvo suavemente domesticando el espacio.      <\/p>\n<\/div>\n\n\n\n<div class=\"wp-block-column is-layout-flow wp-block-column-is-layout-flow\" style=\"flex-basis:30.3%\"><\/div>\n<\/div>\n<\/div>\n\n<div class=\"wp-block-group scroll-fade-in is-layout-constrained wp-container-core-group-is-layout-3ece0061 wp-block-group-is-layout-constrained\" style=\"padding-right:var(--wp--preset--spacing--lg);padding-bottom:var(--wp--preset--spacing--rythm-xl);padding-left:var(--wp--preset--spacing--lg)\">\n<div class=\"wp-block-columns is-layout-flex wp-container-core-columns-is-layout-57a3bd1d wp-block-columns-is-layout-flex\">\n<div class=\"wp-block-column is-layout-flow wp-block-column-is-layout-flow\" style=\"flex-basis:15%\"><\/div>\n\n\n\n<div class=\"wp-block-column is-layout-flow wp-block-column-is-layout-flow\" style=\"flex-basis:60%\">\n<div class=\"block-image group w-full relative !bg-sc-color-border  overflow-hidden aspect-3\/2 flex justify-center items-center\" style=\"\">\n\n    \n    <!-- Si hay link dentro del bloque imagen -->\n        \n    <!-- Simple -->\n    \n        <img decoding=\"async\" width=\"1280\" height=\"854\" src=\"https:\/\/www.santacole.com\/wp-content\/uploads\/2026\/03\/La-Nave-Adria-Canameras-2026-13407-x2400-1280x854.jpg\" class=\"  w-full h-full object-cover\" alt=\"La-Nave-Adria-Canameras-2026-13407-x2400\" sizes=\"100vw\" srcset=\"https:\/\/www.santacole.com\/wp-content\/uploads\/2026\/03\/La-Nave-Adria-Canameras-2026-13407-x2400-1280x854.jpg 1280w, https:\/\/www.santacole.com\/wp-content\/uploads\/2026\/03\/La-Nave-Adria-Canameras-2026-13407-x2400-600x400.jpg 600w, https:\/\/www.santacole.com\/wp-content\/uploads\/2026\/03\/La-Nave-Adria-Canameras-2026-13407-x2400-300x200.jpg 300w, https:\/\/www.santacole.com\/wp-content\/uploads\/2026\/03\/La-Nave-Adria-Canameras-2026-13407-x2400-768x512.jpg 768w, https:\/\/www.santacole.com\/wp-content\/uploads\/2026\/03\/La-Nave-Adria-Canameras-2026-13407-x2400-1200x801.jpg 1200w\" loading=\"lazy\" \/>        \n        <!-- Caption inside -->\n        \n    \n    <!-- Hover overlay -->\n    \n    <!-- Slider gallery -->\n    \n    <!-- Si hay link cierre -->\n    \n<\/div>\n\n<!-- Simple (Caption outside) -->\n    \n    <!-- Caption outside -->\n    \n\n\n<\/div>\n\n\n\n<div class=\"wp-block-column is-layout-flow wp-block-column-is-layout-flow\" style=\"flex-basis:15%\"><\/div>\n<\/div>\n<\/div>\n\n<div class=\"wp-block-group scroll-fade-in is-layout-constrained wp-block-group-is-layout-constrained\">\n<div class=\"wp-block-columns is-layout-flex wp-container-core-columns-is-layout-564fe2cd wp-block-columns-is-layout-flex\" style=\"padding-right:var(--wp--preset--spacing--md);padding-bottom:var(--wp--preset--spacing--rythm-xl);padding-left:var(--wp--preset--spacing--md)\">\n<div class=\"wp-block-column is-layout-flow wp-block-column-is-layout-flow\">\n<p class=\"has-text-align-center has-md-font-size\">Cr\u00f3nica del encuentro de <a href=\"https:\/\/www.instagram.com\/rociley\/\" data-type=\"link\" data-id=\"https:\/\/www.instagram.com\/rociley\/\" rel=\"nofollow noopener\" target=\"_blank\">Roc\u00edo Ley<\/a><\/p>\n<\/div>\n<\/div>\n<\/div>\n","protected":false},"excerpt":{"rendered":"<p>Subo hasta la cuarta planta a pie para no perderme nada (de lo que pueda suceder en la escalera). Durante el ascenso me parece o\u00edr una misa cantada. En este edificio cohabitan talleres, almacenes y varias iglesias de diferentes confesiones, pero de eso me enterar\u00e9 m\u00e1s tarde. Estamos en Sant Adri\u00e0 de Bes\u00f2s, una ciudad [&hellip;]<\/p>\n","protected":false},"featured_media":120838,"template":"","meta":{"_acf_changed":false},"story-category":[1629],"class_list":["post-119159","story","type-story","status-publish","has-post-thumbnail","hentry","story-category-eventos","entry"],"acf":[],"_links":{"self":[{"href":"https:\/\/www.santacole.com\/es\/wp-json\/wp\/v2\/story\/119159","targetHints":{"allow":["GET"]}}],"collection":[{"href":"https:\/\/www.santacole.com\/es\/wp-json\/wp\/v2\/story"}],"about":[{"href":"https:\/\/www.santacole.com\/es\/wp-json\/wp\/v2\/types\/story"}],"wp:featuredmedia":[{"embeddable":true,"href":"https:\/\/www.santacole.com\/es\/wp-json\/wp\/v2\/media\/120838"}],"wp:attachment":[{"href":"https:\/\/www.santacole.com\/es\/wp-json\/wp\/v2\/media?parent=119159"}],"wp:term":[{"taxonomy":"story-category","embeddable":true,"href":"https:\/\/www.santacole.com\/es\/wp-json\/wp\/v2\/story-category?post=119159"}],"curies":[{"name":"wp","href":"https:\/\/api.w.org\/{rel}","templated":true}]}}